{"id":5173,"date":"2019-07-04T10:40:13","date_gmt":"2019-07-04T10:40:13","guid":{"rendered":"https:\/\/miragliaolive.com\/a-la-decouverte-de-nocellara-del-belice\/"},"modified":"2024-07-26T14:59:19","modified_gmt":"2024-07-26T14:59:19","slug":"a-la-decouverte-de-nocellara-del-belice","status":"publish","type":"post","link":"https:\/\/miragliaolive.com\/fr\/a-la-decouverte-de-nocellara-del-belice\/","title":{"rendered":"A la d\u00e9couverte de Nocellara del Belice !"},"content":{"rendered":"\n<p>Parmi les olives italiennes les plus pris\u00e9es export\u00e9es \u00e0 l&rsquo;\u00e9tranger, on trouve la Nocellara del Belice, un d\u00e9lice des terres siciliennes. Une saveur intense \u00e0 savourer en une seule bouch\u00e9e.<\/p>\n\n<p>La <strong>Nocellara del Belice est l&rsquo;une des vari\u00e9t\u00e9s autochtones de la Sicile et elle est<\/strong> extr\u00eamement d\u00e9licieuse. C&rsquo;est l&rsquo;une des vari\u00e9t\u00e9s les plus populaires pour la production d&rsquo;huile d&rsquo;olive extra vierge et d&rsquo;olives de table, \u00e0 tel point que c&rsquo;est le seul produit en Europe \u00e0 avoir deux certifications AOP pour la m\u00eame vari\u00e9t\u00e9 : \u00ab\u00a0Valle del Belice\u00a0\u00bb pour l&rsquo;huile et \u00ab\u00a0Nocellara del Belice\u00a0\u00bb pour les olives <em>(source : wikipedia)<\/em>. Il est \u00e9galement connu sous le nom d&rsquo;<em>Oliva di Mazara ou Oliva di Castelvetrano <\/em>. <\/p>\n\n<p>Les olives de table se caract\u00e9risent par leur taille moyenne (chaque fruit p\u00e8se de 5 \u00e0 7 g), leur forme arrondie et leur r\u00e9colte bien avant qu&rsquo;elles n&rsquo;aient atteint leur pleine maturit\u00e9, afin de conserver le vert intense auquel nous sommes habitu\u00e9s en tant que consommateurs. En effet, si l&rsquo;on attendait la pleine maturit\u00e9, l&rsquo;olive aurait une couleur rouge vin. La pulpe est ferme et l\u00e9g\u00e8rement am\u00e8re, mais ce qui fait la particularit\u00e9 de ce fruit, c&rsquo;est sa teneur \u00e9lev\u00e9e en polyph\u00e9nols et en graisses tr\u00e8s digestes qui contribuent \u00e0 r\u00e9duire le mauvais cholest\u00e9rol et le taux de sucre dans le sang. Parfaite comme olive d&rsquo;ap\u00e9ritif, associ\u00e9e aux charcuteries et aux fromages, elle est surtout exalt\u00e9e dans la c\u00e9l\u00e8bre Caprese o\u00f9, gr\u00e2ce \u00e0 la combinaison des couleurs (rouge tomate, blanc lait et vert intense de l&rsquo;olive), elle \u00e9voque fortement les couleurs de notre drapeau et l&rsquo;excellence de la cuisine italienne. <\/p>\n\n<p>Miraglia Olives distribue Nocellara del Belice dans toute l&rsquo;Italie, dans la grande distribution et les \u00e9piceries fines sp\u00e9cialis\u00e9es. Contactez-nous pour savoir o\u00f9 se trouve le magasin le plus proche de chez vous !<\/p>\n","protected":false},"excerpt":{"rendered":"<p>Parmi les olives italiennes les plus pris\u00e9es export\u00e9es \u00e0 l&rsquo;\u00e9tranger, on trouve la Nocellara del&hellip;<\/p>\n","protected":false},"author":3,"featured_media":3501,"comment_status":"open","ping_status":"open","sticky":false,"template":"","format":"standard","meta":{"_acf_changed":false,"_monsterinsights_skip_tracking":false,"_monsterinsights_sitenote_active":false,"_monsterinsights_sitenote_note":"","_monsterinsights_sitenote_category":0,"_joinchat":[],"footnotes":""},"categories":[219,239],"tags":[51,240,282,53,252,54,55,247,286,58],"class_list":["post-5173","post","type-post","status-publish","format-standard","has-post-thumbnail","hentry","category-curiosites","category-produits","tag-castelvetrano","tag-cultivateur","tag-fruits","tag-italia","tag-lagriculture","tag-miragliaolive","tag-nocellara","tag-production","tag-recolte","tag-sicilia"],"acf":[],"yoast_head":"<!-- This site is optimized with the Yoast SEO plugin v26.0 - https:\/\/yoast.com\/wordpress\/plugins\/seo\/ -->\n<title>A la d\u00e9couverte de Nocellara del Belice ! - Miraglia Olive<\/title>\n<meta name=\"robots\" content=\"index, follow, max-snippet:-1, max-image-preview:large, max-video-preview:-1\" \/>\n<link rel=\"canonical\" href=\"https:\/\/miragliaolive.com\/fr\/a-la-decouverte-de-nocellara-del-belice\/\" \/>\n<meta property=\"og:locale\" content=\"fr_FR\" \/>\n<meta property=\"og:type\" content=\"article\" \/>\n<meta property=\"og:title\" content=\"A la d\u00e9couverte de Nocellara del Belice ! - Miraglia Olive\" \/>\n<meta property=\"og:description\" content=\"Parmi les olives italiennes les plus pris\u00e9es export\u00e9es \u00e0 l&rsquo;\u00e9tranger, on trouve la Nocellara del&hellip;\" \/>\n<meta property=\"og:url\" content=\"https:\/\/miragliaolive.com\/fr\/a-la-decouverte-de-nocellara-del-belice\/\" \/>\n<meta property=\"og:site_name\" content=\"Miraglia Olive\" \/>\n<meta property=\"article:published_time\" content=\"2019-07-04T10:40:13+00:00\" \/>\n<meta property=\"article:modified_time\" content=\"2024-07-26T14:59:19+00:00\" \/>\n<meta property=\"og:image\" content=\"https:\/\/miragliaolive.com\/wp-content\/uploads\/2019\/07\/noc.png\" \/>\n\t<meta property=\"og:image:width\" content=\"845\" \/>\n\t<meta property=\"og:image:height\" content=\"475\" \/>\n\t<meta property=\"og:image:type\" content=\"image\/png\" \/>\n<meta name=\"author\" content=\"admin\" \/>\n<meta name=\"twitter:card\" content=\"summary_large_image\" \/>\n<meta name=\"twitter:label1\" content=\"\u00c9crit par\" \/>\n\t<meta name=\"twitter:data1\" content=\"admin\" \/>\n\t<meta name=\"twitter:label2\" content=\"Dur\u00e9e de lecture estim\u00e9e\" \/>\n\t<meta name=\"twitter:data2\" content=\"2 minutes\" \/>\n<script type=\"application\/ld+json\" class=\"yoast-schema-graph\">{\"@context\":\"https:\/\/schema.org\",\"@graph\":[{\"@type\":\"Article\",\"@id\":\"https:\/\/miragliaolive.com\/fr\/a-la-decouverte-de-nocellara-del-belice\/#article\",\"isPartOf\":{\"@id\":\"https:\/\/miragliaolive.com\/fr\/a-la-decouverte-de-nocellara-del-belice\/\"},\"author\":{\"name\":\"admin\",\"@id\":\"https:\/\/miragliaolive.com\/fr\/#\/schema\/person\/a6d51f7c20c62a49810939a4ddb2df24\"},\"headline\":\"A la d\u00e9couverte de Nocellara del Belice !\",\"datePublished\":\"2019-07-04T10:40:13+00:00\",\"dateModified\":\"2024-07-26T14:59:19+00:00\",\"mainEntityOfPage\":{\"@id\":\"https:\/\/miragliaolive.com\/fr\/a-la-decouverte-de-nocellara-del-belice\/\"},\"wordCount\":344,\"commentCount\":0,\"publisher\":{\"@id\":\"https:\/\/miragliaolive.com\/fr\/#organization\"},\"image\":{\"@id\":\"https:\/\/miragliaolive.com\/fr\/a-la-decouverte-de-nocellara-del-belice\/#primaryimage\"},\"thumbnailUrl\":\"https:\/\/miragliaolive.com\/wp-content\/uploads\/2019\/07\/noc.png\",\"keywords\":[\"castelvetrano\",\"cultivateur\",\"fruits\",\"italia\",\"l'agriculture\",\"miragliaolive\",\"nocellara\",\"production\",\"r\u00e9colte\",\"sicilia\"],\"articleSection\":[\"Curiosit\u00e9s\",\"Produits\"],\"inLanguage\":\"fr-FR\",\"potentialAction\":[{\"@type\":\"CommentAction\",\"name\":\"Comment\",\"target\":[\"https:\/\/miragliaolive.com\/fr\/a-la-decouverte-de-nocellara-del-belice\/#respond\"]}]},{\"@type\":\"WebPage\",\"@id\":\"https:\/\/miragliaolive.com\/fr\/a-la-decouverte-de-nocellara-del-belice\/\",\"url\":\"https:\/\/miragliaolive.com\/fr\/a-la-decouverte-de-nocellara-del-belice\/\",\"name\":\"A la d\u00e9couverte de Nocellara del Belice ! - Miraglia Olive\",\"isPartOf\":{\"@id\":\"https:\/\/miragliaolive.com\/fr\/#website\"},\"primaryImageOfPage\":{\"@id\":\"https:\/\/miragliaolive.com\/fr\/a-la-decouverte-de-nocellara-del-belice\/#primaryimage\"},\"image\":{\"@id\":\"https:\/\/miragliaolive.com\/fr\/a-la-decouverte-de-nocellara-del-belice\/#primaryimage\"},\"thumbnailUrl\":\"https:\/\/miragliaolive.com\/wp-content\/uploads\/2019\/07\/noc.png\",\"datePublished\":\"2019-07-04T10:40:13+00:00\",\"dateModified\":\"2024-07-26T14:59:19+00:00\",\"breadcrumb\":{\"@id\":\"https:\/\/miragliaolive.com\/fr\/a-la-decouverte-de-nocellara-del-belice\/#breadcrumb\"},\"inLanguage\":\"fr-FR\",\"potentialAction\":[{\"@type\":\"ReadAction\",\"target\":[\"https:\/\/miragliaolive.com\/fr\/a-la-decouverte-de-nocellara-del-belice\/\"]}]},{\"@type\":\"ImageObject\",\"inLanguage\":\"fr-FR\",\"@id\":\"https:\/\/miragliaolive.com\/fr\/a-la-decouverte-de-nocellara-del-belice\/#primaryimage\",\"url\":\"https:\/\/miragliaolive.com\/wp-content\/uploads\/2019\/07\/noc.png\",\"contentUrl\":\"https:\/\/miragliaolive.com\/wp-content\/uploads\/2019\/07\/noc.png\",\"width\":845,\"height\":475},{\"@type\":\"BreadcrumbList\",\"@id\":\"https:\/\/miragliaolive.com\/fr\/a-la-decouverte-de-nocellara-del-belice\/#breadcrumb\",\"itemListElement\":[{\"@type\":\"ListItem\",\"position\":1,\"name\":\"Home\",\"item\":\"https:\/\/miragliaolive.com\/fr\/\"},{\"@type\":\"ListItem\",\"position\":2,\"name\":\"A la d\u00e9couverte de Nocellara del Belice !\"}]},{\"@type\":\"WebSite\",\"@id\":\"https:\/\/miragliaolive.com\/fr\/#website\",\"url\":\"https:\/\/miragliaolive.com\/fr\/\",\"name\":\"Miragliaolive\",\"description\":\"Le Pi\u00f9 Belle Olive da Tavola\",\"publisher\":{\"@id\":\"https:\/\/miragliaolive.com\/fr\/#organization\"},\"potentialAction\":[{\"@type\":\"SearchAction\",\"target\":{\"@type\":\"EntryPoint\",\"urlTemplate\":\"https:\/\/miragliaolive.com\/fr\/?s={search_term_string}\"},\"query-input\":{\"@type\":\"PropertyValueSpecification\",\"valueRequired\":true,\"valueName\":\"search_term_string\"}}],\"inLanguage\":\"fr-FR\"},{\"@type\":\"Organization\",\"@id\":\"https:\/\/miragliaolive.com\/fr\/#organization\",\"name\":\"Miragliaolive\",\"url\":\"https:\/\/miragliaolive.com\/fr\/\",\"logo\":{\"@type\":\"ImageObject\",\"inLanguage\":\"fr-FR\",\"@id\":\"https:\/\/miragliaolive.com\/fr\/#\/schema\/logo\/image\/\",\"url\":\"https:\/\/miragliaolive.com\/wp-content\/uploads\/2023\/09\/logo-desk.png\",\"contentUrl\":\"https:\/\/miragliaolive.com\/wp-content\/uploads\/2023\/09\/logo-desk.png\",\"width\":364,\"height\":149,\"caption\":\"Miragliaolive\"},\"image\":{\"@id\":\"https:\/\/miragliaolive.com\/fr\/#\/schema\/logo\/image\/\"}},{\"@type\":\"Person\",\"@id\":\"https:\/\/miragliaolive.com\/fr\/#\/schema\/person\/a6d51f7c20c62a49810939a4ddb2df24\",\"name\":\"admin\",\"image\":{\"@type\":\"ImageObject\",\"inLanguage\":\"fr-FR\",\"@id\":\"https:\/\/miragliaolive.com\/fr\/#\/schema\/person\/image\/\",\"url\":\"https:\/\/secure.gravatar.com\/avatar\/1b6388cb3f6cc0d5dcf53428464c52ff4b7d7e731026e877cf5e1b025204e49e?s=96&d=mm&r=g\",\"contentUrl\":\"https:\/\/secure.gravatar.com\/avatar\/1b6388cb3f6cc0d5dcf53428464c52ff4b7d7e731026e877cf5e1b025204e49e?s=96&d=mm&r=g\",\"caption\":\"admin\"},\"url\":\"https:\/\/miragliaolive.com\/fr\/author\/admin\/\"}]}<\/script>\n<!-- \/ Yoast SEO plugin. -->","yoast_head_json":{"title":"A la d\u00e9couverte de Nocellara del Belice ! - Miraglia Olive","robots":{"index":"index","follow":"follow","max-snippet":"max-snippet:-1","max-image-preview":"max-image-preview:large","max-video-preview":"max-video-preview:-1"},"canonical":"https:\/\/miragliaolive.com\/fr\/a-la-decouverte-de-nocellara-del-belice\/","og_locale":"fr_FR","og_type":"article","og_title":"A la d\u00e9couverte de Nocellara del Belice ! - Miraglia Olive","og_description":"Parmi les olives italiennes les plus pris\u00e9es export\u00e9es \u00e0 l&rsquo;\u00e9tranger, on trouve la Nocellara del&hellip;","og_url":"https:\/\/miragliaolive.com\/fr\/a-la-decouverte-de-nocellara-del-belice\/","og_site_name":"Miraglia Olive","article_published_time":"2019-07-04T10:40:13+00:00","article_modified_time":"2024-07-26T14:59:19+00:00","og_image":[{"width":845,"height":475,"url":"https:\/\/miragliaolive.com\/wp-content\/uploads\/2019\/07\/noc.png","type":"image\/png"}],"author":"admin","twitter_card":"summary_large_image","twitter_misc":{"\u00c9crit par":"admin","Dur\u00e9e de lecture estim\u00e9e":"2 minutes"},"schema":{"@context":"https:\/\/schema.org","@graph":[{"@type":"Article","@id":"https:\/\/miragliaolive.com\/fr\/a-la-decouverte-de-nocellara-del-belice\/#article","isPartOf":{"@id":"https:\/\/miragliaolive.com\/fr\/a-la-decouverte-de-nocellara-del-belice\/"},"author":{"name":"admin","@id":"https:\/\/miragliaolive.com\/fr\/#\/schema\/person\/a6d51f7c20c62a49810939a4ddb2df24"},"headline":"A la d\u00e9couverte de Nocellara del Belice !","datePublished":"2019-07-04T10:40:13+00:00","dateModified":"2024-07-26T14:59:19+00:00","mainEntityOfPage":{"@id":"https:\/\/miragliaolive.com\/fr\/a-la-decouverte-de-nocellara-del-belice\/"},"wordCount":344,"commentCount":0,"publisher":{"@id":"https:\/\/miragliaolive.com\/fr\/#organization"},"image":{"@id":"https:\/\/miragliaolive.com\/fr\/a-la-decouverte-de-nocellara-del-belice\/#primaryimage"},"thumbnailUrl":"https:\/\/miragliaolive.com\/wp-content\/uploads\/2019\/07\/noc.png","keywords":["castelvetrano","cultivateur","fruits","italia","l'agriculture","miragliaolive","nocellara","production","r\u00e9colte","sicilia"],"articleSection":["Curiosit\u00e9s","Produits"],"inLanguage":"fr-FR","potentialAction":[{"@type":"CommentAction","name":"Comment","target":["https:\/\/miragliaolive.com\/fr\/a-la-decouverte-de-nocellara-del-belice\/#respond"]}]},{"@type":"WebPage","@id":"https:\/\/miragliaolive.com\/fr\/a-la-decouverte-de-nocellara-del-belice\/","url":"https:\/\/miragliaolive.com\/fr\/a-la-decouverte-de-nocellara-del-belice\/","name":"A la d\u00e9couverte de Nocellara del Belice ! - Miraglia Olive","isPartOf":{"@id":"https:\/\/miragliaolive.com\/fr\/#website"},"primaryImageOfPage":{"@id":"https:\/\/miragliaolive.com\/fr\/a-la-decouverte-de-nocellara-del-belice\/#primaryimage"},"image":{"@id":"https:\/\/miragliaolive.com\/fr\/a-la-decouverte-de-nocellara-del-belice\/#primaryimage"},"thumbnailUrl":"https:\/\/miragliaolive.com\/wp-content\/uploads\/2019\/07\/noc.png","datePublished":"2019-07-04T10:40:13+00:00","dateModified":"2024-07-26T14:59:19+00:00","breadcrumb":{"@id":"https:\/\/miragliaolive.com\/fr\/a-la-decouverte-de-nocellara-del-belice\/#breadcrumb"},"inLanguage":"fr-FR","potentialAction":[{"@type":"ReadAction","target":["https:\/\/miragliaolive.com\/fr\/a-la-decouverte-de-nocellara-del-belice\/"]}]},{"@type":"ImageObject","inLanguage":"fr-FR","@id":"https:\/\/miragliaolive.com\/fr\/a-la-decouverte-de-nocellara-del-belice\/#primaryimage","url":"https:\/\/miragliaolive.com\/wp-content\/uploads\/2019\/07\/noc.png","contentUrl":"https:\/\/miragliaolive.com\/wp-content\/uploads\/2019\/07\/noc.png","width":845,"height":475},{"@type":"BreadcrumbList","@id":"https:\/\/miragliaolive.com\/fr\/a-la-decouverte-de-nocellara-del-belice\/#breadcrumb","itemListElement":[{"@type":"ListItem","position":1,"name":"Home","item":"https:\/\/miragliaolive.com\/fr\/"},{"@type":"ListItem","position":2,"name":"A la d\u00e9couverte de Nocellara del Belice !"}]},{"@type":"WebSite","@id":"https:\/\/miragliaolive.com\/fr\/#website","url":"https:\/\/miragliaolive.com\/fr\/","name":"Miragliaolive","description":"Le Pi\u00f9 Belle Olive da Tavola","publisher":{"@id":"https:\/\/miragliaolive.com\/fr\/#organization"},"potentialAction":[{"@type":"SearchAction","target":{"@type":"EntryPoint","urlTemplate":"https:\/\/miragliaolive.com\/fr\/?s={search_term_string}"},"query-input":{"@type":"PropertyValueSpecification","valueRequired":true,"valueName":"search_term_string"}}],"inLanguage":"fr-FR"},{"@type":"Organization","@id":"https:\/\/miragliaolive.com\/fr\/#organization","name":"Miragliaolive","url":"https:\/\/miragliaolive.com\/fr\/","logo":{"@type":"ImageObject","inLanguage":"fr-FR","@id":"https:\/\/miragliaolive.com\/fr\/#\/schema\/logo\/image\/","url":"https:\/\/miragliaolive.com\/wp-content\/uploads\/2023\/09\/logo-desk.png","contentUrl":"https:\/\/miragliaolive.com\/wp-content\/uploads\/2023\/09\/logo-desk.png","width":364,"height":149,"caption":"Miragliaolive"},"image":{"@id":"https:\/\/miragliaolive.com\/fr\/#\/schema\/logo\/image\/"}},{"@type":"Person","@id":"https:\/\/miragliaolive.com\/fr\/#\/schema\/person\/a6d51f7c20c62a49810939a4ddb2df24","name":"admin","image":{"@type":"ImageObject","inLanguage":"fr-FR","@id":"https:\/\/miragliaolive.com\/fr\/#\/schema\/person\/image\/","url":"https:\/\/secure.gravatar.com\/avatar\/1b6388cb3f6cc0d5dcf53428464c52ff4b7d7e731026e877cf5e1b025204e49e?s=96&d=mm&r=g","contentUrl":"https:\/\/secure.gravatar.com\/avatar\/1b6388cb3f6cc0d5dcf53428464c52ff4b7d7e731026e877cf5e1b025204e49e?s=96&d=mm&r=g","caption":"admin"},"url":"https:\/\/miragliaolive.com\/fr\/author\/admin\/"}]}},"_links":{"self":[{"href":"https:\/\/miragliaolive.com\/fr\/wp-json\/wp\/v2\/posts\/5173","targetHints":{"allow":["GET"]}}],"collection":[{"href":"https:\/\/miragliaolive.com\/fr\/wp-json\/wp\/v2\/posts"}],"about":[{"href":"https:\/\/miragliaolive.com\/fr\/wp-json\/wp\/v2\/types\/post"}],"author":[{"embeddable":true,"href":"https:\/\/miragliaolive.com\/fr\/wp-json\/wp\/v2\/users\/3"}],"replies":[{"embeddable":true,"href":"https:\/\/miragliaolive.com\/fr\/wp-json\/wp\/v2\/comments?post=5173"}],"version-history":[{"count":0,"href":"https:\/\/miragliaolive.com\/fr\/wp-json\/wp\/v2\/posts\/5173\/revisions"}],"wp:featuredmedia":[{"embeddable":true,"href":"https:\/\/miragliaolive.com\/fr\/wp-json\/wp\/v2\/media\/3501"}],"wp:attachment":[{"href":"https:\/\/miragliaolive.com\/fr\/wp-json\/wp\/v2\/media?parent=5173"}],"wp:term":[{"taxonomy":"category","embeddable":true,"href":"https:\/\/miragliaolive.com\/fr\/wp-json\/wp\/v2\/categories?post=5173"},{"taxonomy":"post_tag","embeddable":true,"href":"https:\/\/miragliaolive.com\/fr\/wp-json\/wp\/v2\/tags?post=5173"}],"curies":[{"name":"wp","href":"https:\/\/api.w.org\/{rel}","templated":true}]}}